{"id":317,"date":"2013-10-15T08:45:18","date_gmt":"2013-10-15T07:45:18","guid":{"rendered":"http:\/\/draether.wordpress.com\/?p=317"},"modified":"2014-03-02T22:13:03","modified_gmt":"2014-03-02T21:13:03","slug":"der-foerster-auf-der","status":"publish","type":"post","link":"https:\/\/happycentric.de\/wordpress\/blog\/2013\/10\/15\/der-foerster-auf-der\/","title":{"rendered":"Der Foerster auf der &#8230;"},"content":{"rendered":"<p><a href=\"http:\/\/www.manage-agile.de\/vortraege\/articles\/der-foerster-und-die-selbstorganisation.html\" target=\"_blank\"><img decoding=\"async\" class=\"wp-image-475 alignleft\" style=\"border: 0px;\" alt=\"Manage Agile 2013\" src=\"http:\/\/happycentric.de\/wordpress\/wp-content\/uploads\/2013\/10\/manageagileheader2013_190.jpg\" width=\"100%\" height=\"190\" \/><\/a><\/p>\n<p>Heinz von Foerster, Physiker, Biologe, Kybernetiker, Konstruktivist, Systemiker, &#8230;, hat schon fr\u00fch und zu verschiedensten Gelegenheiten interessante Ans\u00e4tze und Anregungen zu Management-Themen ge\u00e4u\u00dfert. Unter anderem hat er mit seinen Ansichten und Ideen zu Hierarchie vs. Heterarchie, zu Selbstorganisation und Kommunikation in den 80er Jahren die St. Galler Managementlehre bereichert.<!--more--><\/p>\n<p>Ausgehend von den Problemen, die hierarchische Ans\u00e4tze mit sich bringen, stellen wir die Frage, was Foersters These &#8216;Jeder ist ein Manager&#8217; bedeutet und was eine Heterarchie ist. Hilft uns das weiter? Und was ist dann Selbstorganisation? Und welche Beispiele finden sich in unserem agilen Umfeld, in denen Selbstorganisation bereits gelebt wird?<\/p>\n<p>In einer Kombination aus Vortrag und gelesenem Dialog mit dem Medienwissenschaftler Bernhard P\u00f6rksen stellen wir die Gedanken von Heinz von Foerster vor und ziehen Parallelen zu unseren aktuellen agilen Kontexten.<\/p>\n<p><a href=\"http:\/\/holger.koschek.eu\/\">Holger Koschek<\/a>, Rolf Dr\u00e4ther<br \/>\n<a href=\"http:\/\/www.manage-agile.de\/vortraege\/articles\/der-foerster-und-die-selbstorganisation.html\">Der Foerster und die Selbstorganisation<\/a><\/p>\n","protected":false},"excerpt":{"rendered":"<p>Heinz von Foerster, Physiker, Biologe, Kybernetiker, Konstruktivist, Systemiker, &#8230;, hat schon fr\u00fch und zu verschiedensten Gelegenheiten interessante Ans\u00e4tze und Anregungen zu Management-Themen ge\u00e4u\u00dfert. Unter anderem hat er mit seinen Ansichten und Ideen zu Hierarchie vs. Heterarchie, zu Selbstorganisation und Kommunikation in den 80er Jahren die St. Galler Managementlehre bereichert.<\/p>\n","protected":false},"author":2,"featured_media":0,"comment_status":"open","ping_status":"open","sticky":false,"template":"","format":"standard","meta":{"footnotes":""},"categories":[30,9],"tags":[7,8,10,62,12,13],"class_list":["post-317","post","type-post","status-publish","format-standard","hentry","category-agile","category-gedanken","tag-agil","tag-denken","tag-konferenz","tag-management","tag-selbstorganisation","tag-werte"],"_links":{"self":[{"href":"https:\/\/happycentric.de\/wordpress\/wp-json\/wp\/v2\/posts\/317","targetHints":{"allow":["GET"]}}],"collection":[{"href":"https:\/\/happycentric.de\/wordpress\/wp-json\/wp\/v2\/posts"}],"about":[{"href":"https:\/\/happycentric.de\/wordpress\/wp-json\/wp\/v2\/types\/post"}],"author":[{"embeddable":true,"href":"https:\/\/happycentric.de\/wordpress\/wp-json\/wp\/v2\/users\/2"}],"replies":[{"embeddable":true,"href":"https:\/\/happycentric.de\/wordpress\/wp-json\/wp\/v2\/comments?post=317"}],"version-history":[{"count":4,"href":"https:\/\/happycentric.de\/wordpress\/wp-json\/wp\/v2\/posts\/317\/revisions"}],"predecessor-version":[{"id":674,"href":"https:\/\/happycentric.de\/wordpress\/wp-json\/wp\/v2\/posts\/317\/revisions\/674"}],"wp:attachment":[{"href":"https:\/\/happycentric.de\/wordpress\/wp-json\/wp\/v2\/media?parent=317"}],"wp:term":[{"taxonomy":"category","embeddable":true,"href":"https:\/\/happycentric.de\/wordpress\/wp-json\/wp\/v2\/categories?post=317"},{"taxonomy":"post_tag","embeddable":true,"href":"https:\/\/happycentric.de\/wordpress\/wp-json\/wp\/v2\/tags?post=317"}],"curies":[{"name":"wp","href":"https:\/\/api.w.org\/{rel}","templated":true}]}}